{"id":156,"date":"2024-11-06T11:17:27","date_gmt":"2024-11-06T14:17:27","guid":{"rendered":"https:\/\/www.kingler.com.br\/blog\/?p=156"},"modified":"2024-11-06T11:17:36","modified_gmt":"2024-11-06T14:17:36","slug":"chapas-de-latao-em-minas-gerais-conheca-mais-sobre-suas-utilidades","status":"publish","type":"post","link":"https:\/\/www.kingler.com.br\/blog\/chapas-de-latao-em-minas-gerais-conheca-mais-sobre-suas-utilidades\/","title":{"rendered":"Chapas de lat\u00e3o em Minas Gerais: conhe\u00e7a mais sobre suas utilidades"},"content":{"rendered":"<span class=\"span-reading-time rt-reading-time\" style=\"display: block;\"><span class=\"rt-label rt-prefix\">Tempo de leitura: <\/span> <span class=\"rt-time\"> 3<\/span> <span class=\"rt-label rt-postfix\">minutos<\/span><\/span>\n<p>No mundo moderno, o metal est\u00e1 sempre presente. Seja em maquin\u00e1rios, acess\u00f3rios dom\u00e9sticos, eletr\u00f4nicos e demais outros. Entre os diversos tipo de metais, existem as chapas de lat\u00e3o em Minas Gerais.<br><\/p>\n\n\n\n<p>Nesse texto, iremos falar um pouco mais sobre como s\u00e3o as fabricadas as chapas de lat\u00e3o e quais s\u00e3o as suas principais aplica\u00e7\u00f5es. Vamos l\u00e1?<br><\/p>\n\n\n\n<p>Fabricado a partir da liga lat\u00e3o, as chapas de lat\u00e3o em Minas Gerais prov\u00e9m da mistura entre o cobre e o zinco. Seus principais diferenciais est\u00e3o no brilho e na cor do metal, que se assemelham e muito ao ouro. <br><\/p>\n\n\n<div class=\"wp-block-image\">\n<figure class=\"aligncenter\"><img width=\"800\" height=\"399\" src=\"https:\/\/www.kingler.com.br\/blog\/wp-content\/uploads\/2019\/07\/chapas-de-lat\u00e3o-em-BH-1-min.jpg\" alt=\"chapas de lat\u00e3o em minas gerais\" class=\"wp-image-76\" srcset=\"https:\/\/www.kingler.com.br\/blog\/wp-content\/uploads\/2019\/07\/chapas-de-lat\u00e3o-em-BH-1-min.jpg 800w, https:\/\/www.kingler.com.br\/blog\/wp-content\/uploads\/2019\/07\/chapas-de-lat\u00e3o-em-BH-1-min-300x150.jpg 300w, https:\/\/www.kingler.com.br\/blog\/wp-content\/uploads\/2019\/07\/chapas-de-lat\u00e3o-em-BH-1-min-768x383.jpg 768w\" sizes=\"(max-width: 800px) 100vw, 800px\" \/><\/figure><\/div>\n\n\n<p>A sua superf\u00edcie \u00e9 plana, mas pode ter tamanhos, larguras e formas diferentes. O processo de transforma\u00e7\u00e3o mec\u00e2nica da chapa de lat\u00e3o \u00e9 denominada Lamina\u00e7\u00e3o. O material passa por dois cilindros, criando assim uma chapa lisa e extremamente \u00fatil para diversos segmentos, como:<br><\/p>\n\n\n\n<ul><li>Tomadas;<\/li><li>Caldeiras;<\/li><li>Buchas;<\/li><li>E muito mais.<\/li><\/ul>\n\n\n\n<div id=\"ez-toc-container\" class=\"ez-toc-v2_0_74 counter-hierarchy ez-toc-counter ez-toc-grey ez-toc-container-direction\">\n<div class=\"ez-toc-title-container\">\n<p class=\"ez-toc-title\" style=\"cursor:inherit\">O que abordaremos neste artigo:<\/p>\n<span class=\"ez-toc-title-toggle\"><a href=\"#\" class=\"ez-toc-pull-right ez-toc-btn ez-toc-btn-xs ez-toc-btn-default ez-toc-toggle\" aria-label=\"Alternar tabela de conte\u00fado\"><span class=\"ez-toc-js-icon-con\"><span class=\"\"><span class=\"eztoc-hide\" style=\"display:none;\">Toggle<\/span><span class=\"ez-toc-icon-toggle-span\"><svg style=\"fill: #999;color:#999\" xmlns=\"http:\/\/www.w3.org\/2000\/svg\" class=\"list-377408\" width=\"20px\" height=\"20px\" viewBox=\"0 0 24 24\" fill=\"none\"><path d=\"M6 6H4v2h2V6zm14 0H8v2h12V6zM4 11h2v2H4v-2zm16 0H8v2h12v-2zM4 16h2v2H4v-2zm16 0H8v2h12v-2z\" fill=\"currentColor\"><\/path><\/svg><svg style=\"fill: #999;color:#999\" class=\"arrow-unsorted-368013\" xmlns=\"http:\/\/www.w3.org\/2000\/svg\" width=\"10px\" height=\"10px\" viewBox=\"0 0 24 24\" version=\"1.2\" baseProfile=\"tiny\"><path d=\"M18.2 9.3l-6.2-6.3-6.2 6.3c-.2.2-.3.4-.3.7s.1.5.3.7c.2.2.4.3.7.3h11c.3 0 .5-.1.7-.3.2-.2.3-.5.3-.7s-.1-.5-.3-.7zM5.8 14.7l6.2 6.3 6.2-6.3c.2-.2.3-.5.3-.7s-.1-.5-.3-.7c-.2-.2-.4-.3-.7-.3h-11c-.3 0-.5.1-.7.3-.2.2-.3.5-.3.7s.1.5.3.7z\"\/><\/svg><\/span><\/span><\/span><\/a><\/span><\/div>\n<nav><ul class='ez-toc-list ez-toc-list-level-1 ' ><li class='ez-toc-page-1 ez-toc-heading-level-2'><a class=\"ez-toc-link ez-toc-heading-1\" href=\"https:\/\/www.kingler.com.br\/blog\/chapas-de-latao-em-minas-gerais-conheca-mais-sobre-suas-utilidades\/#O_que_sao_chapas_de_latao_e_suas_caracteristicas_principais\" >O que s\u00e3o chapas de lat\u00e3o e suas caracter\u00edsticas principais?<\/a><\/li><li class='ez-toc-page-1 ez-toc-heading-level-2'><a class=\"ez-toc-link ez-toc-heading-2\" href=\"https:\/\/www.kingler.com.br\/blog\/chapas-de-latao-em-minas-gerais-conheca-mais-sobre-suas-utilidades\/#Principais_aplicacoes_das_chapas_de_latao_em_MG\" >Principais aplica\u00e7\u00f5es das chapas de lat\u00e3o em MG<\/a><\/li><li class='ez-toc-page-1 ez-toc-heading-level-2'><a class=\"ez-toc-link ez-toc-heading-3\" href=\"https:\/\/www.kingler.com.br\/blog\/chapas-de-latao-em-minas-gerais-conheca-mais-sobre-suas-utilidades\/#Onde_encontrar_chapas_de_latao_em_Minas_Gerais\" >Onde encontrar chapas de lat\u00e3o em Minas Gerais?<\/a><\/li><\/ul><\/nav><\/div>\n<h2><span class=\"ez-toc-section\" id=\"O_que_sao_chapas_de_latao_e_suas_caracteristicas_principais\"><\/span>O que s\u00e3o chapas de lat\u00e3o e suas caracter\u00edsticas principais?<span class=\"ez-toc-section-end\"><\/span><\/h2>\n\n\n\n<p>As chapas de lat\u00e3o s\u00e3o produtos met\u00e1licos compostos principalmente de cobre e zinco, o que lhes confere uma combina\u00e7\u00e3o \u00fanica de resist\u00eancia, durabilidade e versatilidade. Com uma colora\u00e7\u00e3o dourada, semelhante ao ouro, o lat\u00e3o \u00e9 altamente valorizado em aplica\u00e7\u00f5es decorativas e industriais por sua est\u00e9tica e resist\u00eancia \u00e0 corros\u00e3o.<\/p>\n\n\n\n<p>Entre as caracter\u00edsticas principais, destaca-se sua maleabilidade, que permite f\u00e1cil conforma\u00e7\u00e3o em processos de corte, dobra e soldagem, facilitando a adapta\u00e7\u00e3o a diferentes formatos e projetos.<\/p>\n\n\n\n<p>Essas chapas s\u00e3o excelentes condutoras de calor e eletricidade, o que as torna ideais para componentes el\u00e9tricos e de trocas t\u00e9rmicas. Al\u00e9m disso, possuem alta resist\u00eancia mec\u00e2nica, suportando bem o desgaste, o que aumenta sua durabilidade em ambientes externos e industriais.<\/p>\n\n\n\n<p>Gra\u00e7as a essas propriedades, as chapas de lat\u00e3o s\u00e3o utilizadas em setores como constru\u00e7\u00e3o civil, decora\u00e7\u00e3o, ind\u00fastria automotiva e el\u00e9trica, oferecendo confiabilidade e desempenho em diversas aplica\u00e7\u00f5es.<\/p>\n\n\n\n<h2><span class=\"ez-toc-section\" id=\"Principais_aplicacoes_das_chapas_de_latao_em_MG\"><\/span>Principais aplica\u00e7\u00f5es das chapas de lat\u00e3o em MG<span class=\"ez-toc-section-end\"><\/span><\/h2>\n\n\n\n<p>As chapas de lat\u00e3o s\u00e3o amplamente utilizadas em Minas Gerais devido \u00e0 sua resist\u00eancia \u00e0 corros\u00e3o, versatilidade e est\u00e9tica. Na constru\u00e7\u00e3o civil, elas s\u00e3o aplicadas em acabamentos, revestimentos decorativos e ferragens, valorizando tanto a durabilidade quanto o visual dos projetos.<\/p>\n\n\n\n<p>Na ind\u00fastria automobil\u00edstica, s\u00e3o escolhidas para componentes como radiadores e conectores el\u00e9tricos, devido \u00e0 sua excelente condu\u00e7\u00e3o t\u00e9rmica e el\u00e9trica. Al\u00e9m disso, s\u00e3o essenciais em ind\u00fastrias de m\u00f3veis e decora\u00e7\u00e3o, oferecendo um toque sofisticado e resistente a pe\u00e7as como puxadores e acess\u00f3rios.<\/p>\n\n\n\n<p>A ind\u00fastria el\u00e9trica tamb\u00e9m utiliza chapas de lat\u00e3o para fabricar componentes de circuitos, aproveitando sua condutividade. Essas aplica\u00e7\u00f5es refletem a versatilidade e a demanda por chapas de lat\u00e3o em MG, adaptadas a diversos setores industriais e decorativos.<\/p>\n\n\n\n<h2><span class=\"ez-toc-section\" id=\"Onde_encontrar_chapas_de_latao_em_Minas_Gerais\"><\/span>Onde encontrar chapas de lat\u00e3o em Minas Gerais?<span class=\"ez-toc-section-end\"><\/span><\/h2>\n\n\n\n<p>Saiba que aqui na Kingler voc\u00ea encontra o que h\u00e1 de mais completo para quem procura por chapas de lat\u00e3o. Contamos com uma excelente infraestrutura e com equipamentos de \u00f3tima qualidade.&nbsp;<br><\/p>\n\n\n\n<p>Buscamos sempre nos manter atualizados e por dentro de novidades que possam agregar em nossa empresa, para que continuemos a proporcionar uma \u00f3tima experi\u00eancia para quem procura por lat\u00e3o.<br><\/p>\n\n\n\n<p>Se quiser mais dicas e novidades, confira nosso <a href=\"https:\/\/www.kingler.com.br\/blog\/\" target=\"_blank\" rel=\"noreferrer noopener\" aria-label=\"blog (abre numa nova aba)\">blog<\/a>. Aqui voc\u00ea ficar\u00e1 por dentro de tudo o que acontece no ramo de metais. At\u00e9 a pr\u00f3xima!!!<br><\/p>\n","protected":false},"excerpt":{"rendered":"<p><span class=\"span-reading-time rt-reading-time\" style=\"display: block;\"><span class=\"rt-label rt-prefix\">Tempo de leitura: <\/span> <span class=\"rt-time\"> 3<\/span> <span class=\"rt-label rt-postfix\">minutos<\/span><\/span>No mundo moderno, o metal est\u00e1 sempre presente. Seja em maquin\u00e1rios, acess\u00f3rios dom\u00e9sticos, eletr\u00f4nicos e demais outros. Entre os diversos tipo de metais, existem as chapas de lat\u00e3o em Minas Gerais. Nesse texto, iremos falar um pouco mais sobre como s\u00e3o as fabricadas as chapas de lat\u00e3o e quais s\u00e3o [&hellip;]<\/p>\n","protected":false},"author":1,"featured_media":76,"comment_status":"open","ping_status":"open","sticky":false,"template":"","format":"standard","meta":[],"categories":[3],"tags":[16,1681,19,1668,1682,1662,1667,1665,23,1660,56,1663,1671,1683,1661,1679,1674,1675,1677,376,1669,1673,1672,33,1678,1680,1670,1666,1676,1175,1664,1659],"yoast_head":"<!-- This site is optimized with the Yoast SEO plugin v19.1 - https:\/\/yoast.com\/wordpress\/plugins\/seo\/ -->\n<title>Chapas de lat\u00e3o em Minas Gerais: conhe\u00e7a mais sobre suas utilidades - Not\u00edcias - Kingler<\/title>\n<meta name=\"description\" content=\"Leia esse texto que a Kingler Metais trouxe para voc\u00ea e conhe\u00e7a mais sobre as principais vantagens que as chapas de lat\u00e3o em Minas Gerais oferece\" \/>\n<meta name=\"robots\" content=\"index, follow, max-snippet:-1, max-image-preview:large, max-video-preview:-1\" \/>\n<link rel=\"canonical\" href=\"https:\/\/www.kingler.com.br\/blog\/chapas-de-latao-em-minas-gerais-conheca-mais-sobre-suas-utilidades\/\" \/>\n<meta property=\"og:locale\" content=\"pt_BR\" \/>\n<meta property=\"og:type\" content=\"article\" \/>\n<meta property=\"og:title\" content=\"Chapas de lat\u00e3o em Minas Gerais: conhe\u00e7a mais sobre suas utilidades - Not\u00edcias - Kingler\" \/>\n<meta property=\"og:description\" content=\"Leia esse texto que a Kingler Metais trouxe para voc\u00ea e conhe\u00e7a mais sobre as principais vantagens que as chapas de lat\u00e3o em Minas Gerais oferece\" \/>\n<meta property=\"og:url\" content=\"https:\/\/www.kingler.com.br\/blog\/chapas-de-latao-em-minas-gerais-conheca-mais-sobre-suas-utilidades\/\" \/>\n<meta property=\"og:site_name\" content=\"Not\u00edcias - Kingler\" \/>\n<meta property=\"article:published_time\" content=\"2024-11-06T14:17:27+00:00\" \/>\n<meta property=\"article:modified_time\" content=\"2024-11-06T14:17:36+00:00\" \/>\n<meta property=\"og:image\" content=\"https:\/\/www.kingler.com.br\/blog\/wp-content\/uploads\/2019\/07\/chapas-de-lat\u00e3o-em-BH-1-min.jpg\" \/>\n\t<meta property=\"og:image:width\" content=\"800\" \/>\n\t<meta property=\"og:image:height\" content=\"399\" \/>\n\t<meta property=\"og:image:type\" content=\"image\/jpeg\" \/>\n<meta name=\"twitter:card\" content=\"summary_large_image\" \/>\n<meta name=\"twitter:label1\" content=\"Escrito por\" \/>\n\t<meta name=\"twitter:data1\" content=\"admin\" \/>\n\t<meta name=\"twitter:label2\" content=\"Est. tempo de leitura\" \/>\n\t<meta name=\"twitter:data2\" content=\"4 minutos\" \/>\n<script type=\"application\/ld+json\" class=\"yoast-schema-graph\">{\"@context\":\"https:\/\/schema.org\",\"@graph\":[{\"@type\":\"Organization\",\"@id\":\"https:\/\/www.kingler.com.br\/blog\/#organization\",\"name\":\"Kingler\",\"url\":\"https:\/\/www.kingler.com.br\/blog\/\",\"sameAs\":[],\"logo\":{\"@type\":\"ImageObject\",\"inLanguage\":\"pt-BR\",\"@id\":\"https:\/\/www.kingler.com.br\/blog\/#\/schema\/logo\/image\/\",\"url\":\"https:\/\/www.kingler.com.br\/blog\/wp-content\/uploads\/2019\/04\/kingler.png\",\"contentUrl\":\"https:\/\/www.kingler.com.br\/blog\/wp-content\/uploads\/2019\/04\/kingler.png\",\"width\":211,\"height\":64,\"caption\":\"Kingler\"},\"image\":{\"@id\":\"https:\/\/www.kingler.com.br\/blog\/#\/schema\/logo\/image\/\"}},{\"@type\":\"WebSite\",\"@id\":\"https:\/\/www.kingler.com.br\/blog\/#website\",\"url\":\"https:\/\/www.kingler.com.br\/blog\/\",\"name\":\"Not\u00edcias - Kingler\",\"description\":\"Blog - Kingler\",\"publisher\":{\"@id\":\"https:\/\/www.kingler.com.br\/blog\/#organization\"},\"potentialAction\":[{\"@type\":\"SearchAction\",\"target\":{\"@type\":\"EntryPoint\",\"urlTemplate\":\"https:\/\/www.kingler.com.br\/blog\/?s={search_term_string}\"},\"query-input\":\"required name=search_term_string\"}],\"inLanguage\":\"pt-BR\"},{\"@type\":\"ImageObject\",\"inLanguage\":\"pt-BR\",\"@id\":\"https:\/\/www.kingler.com.br\/blog\/chapas-de-latao-em-minas-gerais-conheca-mais-sobre-suas-utilidades\/#primaryimage\",\"url\":\"https:\/\/www.kingler.com.br\/blog\/wp-content\/uploads\/2019\/07\/chapas-de-lat\u00e3o-em-BH-1-min.jpg\",\"contentUrl\":\"https:\/\/www.kingler.com.br\/blog\/wp-content\/uploads\/2019\/07\/chapas-de-lat\u00e3o-em-BH-1-min.jpg\",\"width\":800,\"height\":399,\"caption\":\"Como escolher uma empresa de corte de chapas met\u00e1licas? [Guia COMPLETO]\"},{\"@type\":\"WebPage\",\"@id\":\"https:\/\/www.kingler.com.br\/blog\/chapas-de-latao-em-minas-gerais-conheca-mais-sobre-suas-utilidades\/#webpage\",\"url\":\"https:\/\/www.kingler.com.br\/blog\/chapas-de-latao-em-minas-gerais-conheca-mais-sobre-suas-utilidades\/\",\"name\":\"Chapas de lat\u00e3o em Minas Gerais: conhe\u00e7a mais sobre suas utilidades - Not\u00edcias - Kingler\",\"isPartOf\":{\"@id\":\"https:\/\/www.kingler.com.br\/blog\/#website\"},\"primaryImageOfPage\":{\"@id\":\"https:\/\/www.kingler.com.br\/blog\/chapas-de-latao-em-minas-gerais-conheca-mais-sobre-suas-utilidades\/#primaryimage\"},\"datePublished\":\"2024-11-06T14:17:27+00:00\",\"dateModified\":\"2024-11-06T14:17:36+00:00\",\"description\":\"Leia esse texto que a Kingler Metais trouxe para voc\u00ea e conhe\u00e7a mais sobre as principais vantagens que as chapas de lat\u00e3o em Minas Gerais oferece\",\"breadcrumb\":{\"@id\":\"https:\/\/www.kingler.com.br\/blog\/chapas-de-latao-em-minas-gerais-conheca-mais-sobre-suas-utilidades\/#breadcrumb\"},\"inLanguage\":\"pt-BR\",\"potentialAction\":[{\"@type\":\"ReadAction\",\"target\":[\"https:\/\/www.kingler.com.br\/blog\/chapas-de-latao-em-minas-gerais-conheca-mais-sobre-suas-utilidades\/\"]}]},{\"@type\":\"BreadcrumbList\",\"@id\":\"https:\/\/www.kingler.com.br\/blog\/chapas-de-latao-em-minas-gerais-conheca-mais-sobre-suas-utilidades\/#breadcrumb\",\"itemListElement\":[{\"@type\":\"ListItem\",\"position\":1,\"name\":\"In\u00edcio\",\"item\":\"https:\/\/www.kingler.com.br\/blog\/\"},{\"@type\":\"ListItem\",\"position\":2,\"name\":\"Chapas de lat\u00e3o em Minas Gerais: conhe\u00e7a mais sobre suas utilidades\"}]},{\"@type\":\"Article\",\"@id\":\"https:\/\/www.kingler.com.br\/blog\/chapas-de-latao-em-minas-gerais-conheca-mais-sobre-suas-utilidades\/#article\",\"isPartOf\":{\"@id\":\"https:\/\/www.kingler.com.br\/blog\/chapas-de-latao-em-minas-gerais-conheca-mais-sobre-suas-utilidades\/#webpage\"},\"author\":{\"@id\":\"https:\/\/www.kingler.com.br\/blog\/#\/schema\/person\/3dfd204878e9081ffb279f03c88702c8\"},\"headline\":\"Chapas de lat\u00e3o em Minas Gerais: conhe\u00e7a mais sobre suas utilidades\",\"datePublished\":\"2024-11-06T14:17:27+00:00\",\"dateModified\":\"2024-11-06T14:17:36+00:00\",\"mainEntityOfPage\":{\"@id\":\"https:\/\/www.kingler.com.br\/blog\/chapas-de-latao-em-minas-gerais-conheca-mais-sobre-suas-utilidades\/#webpage\"},\"wordCount\":610,\"commentCount\":0,\"publisher\":{\"@id\":\"https:\/\/www.kingler.com.br\/blog\/#organization\"},\"image\":{\"@id\":\"https:\/\/www.kingler.com.br\/blog\/chapas-de-latao-em-minas-gerais-conheca-mais-sobre-suas-utilidades\/#primaryimage\"},\"thumbnailUrl\":\"https:\/\/www.kingler.com.br\/blog\/wp-content\/uploads\/2019\/07\/chapas-de-lat\u00e3o-em-BH-1-min.jpg\",\"keywords\":[\"chapa de lat\u00e3o\",\"chapa de lat\u00e3o com cobre e zinco\",\"chapas de lat\u00e3o\",\"chapas de lat\u00e3o automotiva\",\"chapas de lat\u00e3o condutividade el\u00e9trica\",\"chapas de lat\u00e3o decora\u00e7\u00e3o\",\"chapas de lat\u00e3o decorativas\",\"chapas de lat\u00e3o el\u00e9trica\",\"chapas de lat\u00e3o em bh\",\"chapas de lat\u00e3o em MG\",\"chapas de lat\u00e3o em minas gerais\",\"chapas de lat\u00e3o Minas Gerais\",\"chapas de lat\u00e3o para acabamentos\",\"chapas de lat\u00e3o para arquitetura\",\"chapas de lat\u00e3o para constru\u00e7\u00e3o\",\"chapas de lat\u00e3o para constru\u00e7\u00e3o civil\",\"chapas de lat\u00e3o para ind\u00fastria\",\"chapas de lat\u00e3o para m\u00f3veis\",\"chapas de lat\u00e3o para radiadores\",\"chapas de lat\u00e3o pre\u00e7o\",\"fornecedores de chapas de lat\u00e3o\",\"lat\u00e3o alta durabilidade\",\"lat\u00e3o condutivo\",\"lat\u00e3o em minas gerais\",\"lat\u00e3o em projetos industriais\",\"lat\u00e3o male\u00e1vel\",\"lat\u00e3o para revestimentos\",\"lat\u00e3o resistente \u00e0 corros\u00e3o\",\"onde comprar chapas de lat\u00e3o\",\"propriedades do lat\u00e3o\",\"uso de chapas de lat\u00e3o\",\"utilidades das chapas de lat\u00e3o\"],\"articleSection\":[\"Lat\u00e3o\"],\"inLanguage\":\"pt-BR\",\"potentialAction\":[{\"@type\":\"CommentAction\",\"name\":\"Comment\",\"target\":[\"https:\/\/www.kingler.com.br\/blog\/chapas-de-latao-em-minas-gerais-conheca-mais-sobre-suas-utilidades\/#respond\"]}]},{\"@type\":\"Person\",\"@id\":\"https:\/\/www.kingler.com.br\/blog\/#\/schema\/person\/3dfd204878e9081ffb279f03c88702c8\",\"name\":\"admin\",\"image\":{\"@type\":\"ImageObject\",\"inLanguage\":\"pt-BR\",\"@id\":\"https:\/\/www.kingler.com.br\/blog\/#\/schema\/person\/image\/\",\"url\":\"https:\/\/secure.gravatar.com\/avatar\/bd8125b24775f217cdea35dcfa839469?s=96&d=mm&r=g\",\"contentUrl\":\"https:\/\/secure.gravatar.com\/avatar\/bd8125b24775f217cdea35dcfa839469?s=96&d=mm&r=g\",\"caption\":\"admin\"},\"url\":\"https:\/\/www.kingler.com.br\/blog\/author\/admin\/\"}]}<\/script>\n<!-- \/ Yoast SEO plugin. -->","yoast_head_json":{"title":"Chapas de lat\u00e3o em Minas Gerais: conhe\u00e7a mais sobre suas utilidades - Not\u00edcias - Kingler","description":"Leia esse texto que a Kingler Metais trouxe para voc\u00ea e conhe\u00e7a mais sobre as principais vantagens que as chapas de lat\u00e3o em Minas Gerais oferece","robots":{"index":"index","follow":"follow","max-snippet":"max-snippet:-1","max-image-preview":"max-image-preview:large","max-video-preview":"max-video-preview:-1"},"canonical":"https:\/\/www.kingler.com.br\/blog\/chapas-de-latao-em-minas-gerais-conheca-mais-sobre-suas-utilidades\/","og_locale":"pt_BR","og_type":"article","og_title":"Chapas de lat\u00e3o em Minas Gerais: conhe\u00e7a mais sobre suas utilidades - Not\u00edcias - Kingler","og_description":"Leia esse texto que a Kingler Metais trouxe para voc\u00ea e conhe\u00e7a mais sobre as principais vantagens que as chapas de lat\u00e3o em Minas Gerais oferece","og_url":"https:\/\/www.kingler.com.br\/blog\/chapas-de-latao-em-minas-gerais-conheca-mais-sobre-suas-utilidades\/","og_site_name":"Not\u00edcias - Kingler","article_published_time":"2024-11-06T14:17:27+00:00","article_modified_time":"2024-11-06T14:17:36+00:00","og_image":[{"width":800,"height":399,"url":"https:\/\/www.kingler.com.br\/blog\/wp-content\/uploads\/2019\/07\/chapas-de-lat\u00e3o-em-BH-1-min.jpg","type":"image\/jpeg"}],"twitter_card":"summary_large_image","twitter_misc":{"Escrito por":"admin","Est. tempo de leitura":"4 minutos"},"schema":{"@context":"https:\/\/schema.org","@graph":[{"@type":"Organization","@id":"https:\/\/www.kingler.com.br\/blog\/#organization","name":"Kingler","url":"https:\/\/www.kingler.com.br\/blog\/","sameAs":[],"logo":{"@type":"ImageObject","inLanguage":"pt-BR","@id":"https:\/\/www.kingler.com.br\/blog\/#\/schema\/logo\/image\/","url":"https:\/\/www.kingler.com.br\/blog\/wp-content\/uploads\/2019\/04\/kingler.png","contentUrl":"https:\/\/www.kingler.com.br\/blog\/wp-content\/uploads\/2019\/04\/kingler.png","width":211,"height":64,"caption":"Kingler"},"image":{"@id":"https:\/\/www.kingler.com.br\/blog\/#\/schema\/logo\/image\/"}},{"@type":"WebSite","@id":"https:\/\/www.kingler.com.br\/blog\/#website","url":"https:\/\/www.kingler.com.br\/blog\/","name":"Not\u00edcias - Kingler","description":"Blog - Kingler","publisher":{"@id":"https:\/\/www.kingler.com.br\/blog\/#organization"},"potentialAction":[{"@type":"SearchAction","target":{"@type":"EntryPoint","urlTemplate":"https:\/\/www.kingler.com.br\/blog\/?s={search_term_string}"},"query-input":"required name=search_term_string"}],"inLanguage":"pt-BR"},{"@type":"ImageObject","inLanguage":"pt-BR","@id":"https:\/\/www.kingler.com.br\/blog\/chapas-de-latao-em-minas-gerais-conheca-mais-sobre-suas-utilidades\/#primaryimage","url":"https:\/\/www.kingler.com.br\/blog\/wp-content\/uploads\/2019\/07\/chapas-de-lat\u00e3o-em-BH-1-min.jpg","contentUrl":"https:\/\/www.kingler.com.br\/blog\/wp-content\/uploads\/2019\/07\/chapas-de-lat\u00e3o-em-BH-1-min.jpg","width":800,"height":399,"caption":"Como escolher uma empresa de corte de chapas met\u00e1licas? [Guia COMPLETO]"},{"@type":"WebPage","@id":"https:\/\/www.kingler.com.br\/blog\/chapas-de-latao-em-minas-gerais-conheca-mais-sobre-suas-utilidades\/#webpage","url":"https:\/\/www.kingler.com.br\/blog\/chapas-de-latao-em-minas-gerais-conheca-mais-sobre-suas-utilidades\/","name":"Chapas de lat\u00e3o em Minas Gerais: conhe\u00e7a mais sobre suas utilidades - Not\u00edcias - Kingler","isPartOf":{"@id":"https:\/\/www.kingler.com.br\/blog\/#website"},"primaryImageOfPage":{"@id":"https:\/\/www.kingler.com.br\/blog\/chapas-de-latao-em-minas-gerais-conheca-mais-sobre-suas-utilidades\/#primaryimage"},"datePublished":"2024-11-06T14:17:27+00:00","dateModified":"2024-11-06T14:17:36+00:00","description":"Leia esse texto que a Kingler Metais trouxe para voc\u00ea e conhe\u00e7a mais sobre as principais vantagens que as chapas de lat\u00e3o em Minas Gerais oferece","breadcrumb":{"@id":"https:\/\/www.kingler.com.br\/blog\/chapas-de-latao-em-minas-gerais-conheca-mais-sobre-suas-utilidades\/#breadcrumb"},"inLanguage":"pt-BR","potentialAction":[{"@type":"ReadAction","target":["https:\/\/www.kingler.com.br\/blog\/chapas-de-latao-em-minas-gerais-conheca-mais-sobre-suas-utilidades\/"]}]},{"@type":"BreadcrumbList","@id":"https:\/\/www.kingler.com.br\/blog\/chapas-de-latao-em-minas-gerais-conheca-mais-sobre-suas-utilidades\/#breadcrumb","itemListElement":[{"@type":"ListItem","position":1,"name":"In\u00edcio","item":"https:\/\/www.kingler.com.br\/blog\/"},{"@type":"ListItem","position":2,"name":"Chapas de lat\u00e3o em Minas Gerais: conhe\u00e7a mais sobre suas utilidades"}]},{"@type":"Article","@id":"https:\/\/www.kingler.com.br\/blog\/chapas-de-latao-em-minas-gerais-conheca-mais-sobre-suas-utilidades\/#article","isPartOf":{"@id":"https:\/\/www.kingler.com.br\/blog\/chapas-de-latao-em-minas-gerais-conheca-mais-sobre-suas-utilidades\/#webpage"},"author":{"@id":"https:\/\/www.kingler.com.br\/blog\/#\/schema\/person\/3dfd204878e9081ffb279f03c88702c8"},"headline":"Chapas de lat\u00e3o em Minas Gerais: conhe\u00e7a mais sobre suas utilidades","datePublished":"2024-11-06T14:17:27+00:00","dateModified":"2024-11-06T14:17:36+00:00","mainEntityOfPage":{"@id":"https:\/\/www.kingler.com.br\/blog\/chapas-de-latao-em-minas-gerais-conheca-mais-sobre-suas-utilidades\/#webpage"},"wordCount":610,"commentCount":0,"publisher":{"@id":"https:\/\/www.kingler.com.br\/blog\/#organization"},"image":{"@id":"https:\/\/www.kingler.com.br\/blog\/chapas-de-latao-em-minas-gerais-conheca-mais-sobre-suas-utilidades\/#primaryimage"},"thumbnailUrl":"https:\/\/www.kingler.com.br\/blog\/wp-content\/uploads\/2019\/07\/chapas-de-lat\u00e3o-em-BH-1-min.jpg","keywords":["chapa de lat\u00e3o","chapa de lat\u00e3o com cobre e zinco","chapas de lat\u00e3o","chapas de lat\u00e3o automotiva","chapas de lat\u00e3o condutividade el\u00e9trica","chapas de lat\u00e3o decora\u00e7\u00e3o","chapas de lat\u00e3o decorativas","chapas de lat\u00e3o el\u00e9trica","chapas de lat\u00e3o em bh","chapas de lat\u00e3o em MG","chapas de lat\u00e3o em minas gerais","chapas de lat\u00e3o Minas Gerais","chapas de lat\u00e3o para acabamentos","chapas de lat\u00e3o para arquitetura","chapas de lat\u00e3o para constru\u00e7\u00e3o","chapas de lat\u00e3o para constru\u00e7\u00e3o civil","chapas de lat\u00e3o para ind\u00fastria","chapas de lat\u00e3o para m\u00f3veis","chapas de lat\u00e3o para radiadores","chapas de lat\u00e3o pre\u00e7o","fornecedores de chapas de lat\u00e3o","lat\u00e3o alta durabilidade","lat\u00e3o condutivo","lat\u00e3o em minas gerais","lat\u00e3o em projetos industriais","lat\u00e3o male\u00e1vel","lat\u00e3o para revestimentos","lat\u00e3o resistente \u00e0 corros\u00e3o","onde comprar chapas de lat\u00e3o","propriedades do lat\u00e3o","uso de chapas de lat\u00e3o","utilidades das chapas de lat\u00e3o"],"articleSection":["Lat\u00e3o"],"inLanguage":"pt-BR","potentialAction":[{"@type":"CommentAction","name":"Comment","target":["https:\/\/www.kingler.com.br\/blog\/chapas-de-latao-em-minas-gerais-conheca-mais-sobre-suas-utilidades\/#respond"]}]},{"@type":"Person","@id":"https:\/\/www.kingler.com.br\/blog\/#\/schema\/person\/3dfd204878e9081ffb279f03c88702c8","name":"admin","image":{"@type":"ImageObject","inLanguage":"pt-BR","@id":"https:\/\/www.kingler.com.br\/blog\/#\/schema\/person\/image\/","url":"https:\/\/secure.gravatar.com\/avatar\/bd8125b24775f217cdea35dcfa839469?s=96&d=mm&r=g","contentUrl":"https:\/\/secure.gravatar.com\/avatar\/bd8125b24775f217cdea35dcfa839469?s=96&d=mm&r=g","caption":"admin"},"url":"https:\/\/www.kingler.com.br\/blog\/author\/admin\/"}]}},"_links":{"self":[{"href":"https:\/\/www.kingler.com.br\/blog\/wp-json\/wp\/v2\/posts\/156"}],"collection":[{"href":"https:\/\/www.kingler.com.br\/blog\/wp-json\/wp\/v2\/posts"}],"about":[{"href":"https:\/\/www.kingler.com.br\/blog\/wp-json\/wp\/v2\/types\/post"}],"author":[{"embeddable":true,"href":"https:\/\/www.kingler.com.br\/blog\/wp-json\/wp\/v2\/users\/1"}],"replies":[{"embeddable":true,"href":"https:\/\/www.kingler.com.br\/blog\/wp-json\/wp\/v2\/comments?post=156"}],"version-history":[{"count":2,"href":"https:\/\/www.kingler.com.br\/blog\/wp-json\/wp\/v2\/posts\/156\/revisions"}],"predecessor-version":[{"id":815,"href":"https:\/\/www.kingler.com.br\/blog\/wp-json\/wp\/v2\/posts\/156\/revisions\/815"}],"wp:featuredmedia":[{"embeddable":true,"href":"https:\/\/www.kingler.com.br\/blog\/wp-json\/wp\/v2\/media\/76"}],"wp:attachment":[{"href":"https:\/\/www.kingler.com.br\/blog\/wp-json\/wp\/v2\/media?parent=156"}],"wp:term":[{"taxonomy":"category","embeddable":true,"href":"https:\/\/www.kingler.com.br\/blog\/wp-json\/wp\/v2\/categories?post=156"},{"taxonomy":"post_tag","embeddable":true,"href":"https:\/\/www.kingler.com.br\/blog\/wp-json\/wp\/v2\/tags?post=156"}],"curies":[{"name":"wp","href":"https:\/\/api.w.org\/{rel}","templated":true}]}}